{"id":3611,"date":"2023-05-02T09:00:56","date_gmt":"2023-05-02T07:00:56","guid":{"rendered":"https:\/\/www.selenium-medical.com\/?p=3611"},"modified":"2025-03-10T16:39:10","modified_gmt":"2025-03-10T15:39:10","slug":"selenium-medical-participe-a-medinov-connection-2023","status":"publish","type":"post","link":"https:\/\/www.selenium-medical.com\/fr\/2023\/05\/02\/selenium-medical-participe-a-medinov-connection-2023\/","title":{"rendered":"Selenium Medical participe \u00e0 Medi\u2019Nov Connection 2023"},"content":{"rendered":"<p style=\"font-weight: 400;\"><strong>Selenium Medical exposera \u00e0 nouveau cette ann\u00e9e au salon Medi\u2019Nov Connection \u00e0 Lyon le 31 mai et 1er juin prochain.<\/strong><\/p>\n<p>&nbsp;<\/p>\n<h2>Medi&rsquo;Nov Connection : Le rendez-vous devenu incontournable<\/h2>\n<p style=\"font-weight: 400;\">Organis\u00e9 par First Connection, <strong>M\u00e9di\u2019Nov Connection<\/strong> est un salon annuel d\u00e9di\u00e9 \u00e0 la <strong>Medtech<\/strong>. Ainsi, il permet aux fabricants de <strong>dispositifs m\u00e9dicaux<\/strong>, \u00e9tablissements hospitaliers, <strong>sous-traitants<\/strong> et prestataires de services de participer \u00e0 un programme alliant un salon B2B et un congr\u00e8s sur des th\u00e9matiques d\u2019actualit\u00e9 et les innovations du secteur.<\/p>\n<p style=\"font-weight: 400;\">Pour cette ann\u00e9e 2023, Medi\u2019nov Connection est de retour pour une 11\u00e8me \u00e9dition avec pr\u00e8s de 1 500 participants attendus (visiteurs et exposants confondus). C\u2019est 20% de plus que l\u2019\u00e9dition pr\u00e9c\u00e9dente. Au programme de cette \u00e9dition :<\/p>\n<ul style=\"font-weight: 400;\">\n<li>180 exposants<\/li>\n<li>1 espace Lab ax\u00e9 sur l\u2019innovation<\/li>\n<li>25 conf\u00e9rences flash<\/li>\n<li>1 concours de l\u2019innovation<\/li>\n<li>8 tables rondes<\/li>\n<li>4 ateliers march\u00e9s<\/li>\n<\/ul>\n<p>&nbsp;<\/p>\n<h2>Rencontrer notre \u00e9quipe \u00e0 Medi&rsquo;Nov Connection<\/h2>\n<p style=\"font-weight: 400;\">Ainsi, <strong>Selenium Medical<\/strong> renouvelle cette ann\u00e9e sa participation pour cet \u00e9v\u00e8nement et exposera le 31 mai et 1er juin au Centre des Congr\u00e8s \u00e0 Lyon.<\/p>\n<p style=\"font-weight: 400;\">Durant ces deux jours, notre \u00e9quipe aura le plaisir de vous accueillir sur le stand n\u00b016 afin de vous pr\u00e9senter nos diff\u00e9rentes activit\u00e9s qui nous permettent de vous offrir un service complet :<\/p>\n<ul style=\"font-weight: 400;\">\n<li>L\u2019<a href=\"https:\/\/www.selenium-medical.com\/fr\/selenium-injection\/\">injection plastique et thermoformage<\/a>\u00a0en <strong>salle blanche<\/strong>.<\/li>\n<li>Le\u00a0<a href=\"https:\/\/www.selenium-medical.com\/fr\/selenium-surface-treatment\/\">traitement de surface<\/a>\u00a0des dispositifs m\u00e9dicaux.<\/li>\n<li>Le <strong>nettoyage<\/strong>, la <strong>d\u00e9contamination<\/strong>, l<strong>\u2019assemblage<\/strong> et le\u00a0<a href=\"https:\/\/www.selenium-medical.com\/fr\/selenium-packaging\/\">conditionnement<\/a> de vos dispositifs m\u00e9dicaux en salle blanche.<\/li>\n<li>La <strong>R&amp;D<\/strong>, le consulting et la gestion de <strong>validation<\/strong>\/<strong>qualification<\/strong> des proc\u00e9d\u00e9s sp\u00e9ciaux.<\/li>\n<\/ul>\n<p style=\"font-weight: 400;\">Rejoignez-nous sur notre stand n\u00b016 afin de discuter de vos projets et de vos probl\u00e9matiques !<\/p>\n<p style=\"font-weight: 400;\">Si vous souhaitez nous rencontrer durant cet \u00e9v\u00e9nement, vous pouvez r\u00e9server votre entr\u00e9e directement sur le site de\u00a0<a href=\"https:\/\/www.medinov-connection.com\/fr\">Medi&rsquo;Nov Connection.<\/a><\/p>\n<p style=\"font-weight: 400;\">Et pour ne rien manquer, suivez-nous sur notre page\u00a0<a href=\"https:\/\/www.linkedin.com\/company\/selenium-medical-s-a-s-\/\">LinkedIn<\/a>\u00a0afin de rester inform\u00e9 en temps r\u00e9el de toute notre actualit\u00e9 !<\/p>\n","protected":false},"excerpt":{"rendered":"<p>Selenium Medical exposera \u00e0 nouveau cette ann\u00e9e au salon Medi\u2019Nov Connection \u00e0 Lyon le 31 mai et 1er juin prochain. &nbsp; Medi&rsquo;Nov Connection : Le rendez-vous devenu incontournable Organis\u00e9 par First Connection, M\u00e9di\u2019Nov Connection est un salon annuel d\u00e9di\u00e9 \u00e0 la Medtech. Ainsi, il permet aux fabricants de dispositifs m\u00e9dicaux, \u00e9tablissements hospitaliers, sous-traitants et prestataires [&hellip;]<\/p>\n","protected":false},"author":2,"featured_media":6147,"comment_status":"closed","ping_status":"closed","sticky":false,"template":"","format":"standard","meta":{"_acf_changed":false,"inline_featured_image":false,"footnotes":""},"categories":[23],"class_list":["post-3611","post","type-post","status-publish","format-standard","has-post-thumbnail","hentry","category-salon"],"acf":[],"yoast_head":"<!-- This site is optimized with the Yoast SEO plugin v27.4 - https:\/\/yoast.com\/product\/yoast-seo-wordpress\/ -->\n<title>Selenium Medical participe \u00e0 Medi\u2019Nov Connection 2023<\/title>\n<meta name=\"description\" content=\"Selenium Medical exposera du 31 mai au 1er juin prochain au salon Medi&#039;Nov Connection, au Centre des Congr\u00e8s \u00e0 Lyon.\" \/>\n<meta name=\"robots\" content=\"index, follow, max-snippet:-1, max-image-preview:large, max-video-preview:-1\" \/>\n<link rel=\"canonical\" href=\"https:\/\/www.selenium-medical.com\/fr\/2023\/05\/02\/selenium-medical-participe-a-medinov-connection-2023\/\" \/>\n<meta property=\"og:locale\" content=\"fr_FR\" \/>\n<meta property=\"og:type\" content=\"article\" \/>\n<meta property=\"og:title\" content=\"Selenium Medical participe \u00e0 Medi\u2019Nov Connection 2023\" \/>\n<meta property=\"og:description\" content=\"Selenium Medical exposera du 31 mai au 1er juin prochain au salon Medi&#039;Nov Connection, au Centre des Congr\u00e8s \u00e0 Lyon.\" \/>\n<meta property=\"og:url\" content=\"https:\/\/www.selenium-medical.com\/fr\/2023\/05\/02\/selenium-medical-participe-a-medinov-connection-2023\/\" \/>\n<meta property=\"og:site_name\" content=\"Selenium Medical\" \/>\n<meta property=\"article:published_time\" content=\"2023-05-02T07:00:56+00:00\" \/>\n<meta property=\"article:modified_time\" content=\"2025-03-10T15:39:10+00:00\" \/>\n<meta property=\"og:image\" content=\"https:\/\/www.selenium-medical.com\/wp-content\/uploads\/2025\/03\/Group-2-2-1024x570.png\" \/>\n\t<meta property=\"og:image:width\" content=\"1024\" \/>\n\t<meta property=\"og:image:height\" content=\"570\" \/>\n\t<meta property=\"og:image:type\" content=\"image\/png\" \/>\n<meta name=\"author\" content=\"Marine\" \/>\n<meta name=\"twitter:card\" content=\"summary_large_image\" \/>\n<meta name=\"twitter:label1\" content=\"\u00c9crit par\" \/>\n\t<meta name=\"twitter:data1\" content=\"Marine\" \/>\n\t<meta name=\"twitter:label2\" content=\"Dur\u00e9e de lecture estim\u00e9e\" \/>\n\t<meta name=\"twitter:data2\" content=\"2 minutes\" \/>\n<script type=\"application\/ld+json\" class=\"yoast-schema-graph\">{\"@context\":\"https:\\\/\\\/schema.org\",\"@graph\":[{\"@type\":\"Article\",\"@id\":\"https:\\\/\\\/www.selenium-medical.com\\\/fr\\\/2023\\\/05\\\/02\\\/selenium-medical-participe-a-medinov-connection-2023\\\/#article\",\"isPartOf\":{\"@id\":\"https:\\\/\\\/www.selenium-medical.com\\\/fr\\\/2023\\\/05\\\/02\\\/selenium-medical-participe-a-medinov-connection-2023\\\/\"},\"author\":{\"name\":\"Marine\",\"@id\":\"https:\\\/\\\/www.selenium-medical.com\\\/fr\\\/#\\\/schema\\\/person\\\/cc762db7886cc1b4ab70f43dbee5e52f\"},\"headline\":\"Selenium Medical participe \u00e0 Medi\u2019Nov Connection 2023\",\"datePublished\":\"2023-05-02T07:00:56+00:00\",\"dateModified\":\"2025-03-10T15:39:10+00:00\",\"mainEntityOfPage\":{\"@id\":\"https:\\\/\\\/www.selenium-medical.com\\\/fr\\\/2023\\\/05\\\/02\\\/selenium-medical-participe-a-medinov-connection-2023\\\/\"},\"wordCount\":329,\"image\":{\"@id\":\"https:\\\/\\\/www.selenium-medical.com\\\/fr\\\/2023\\\/05\\\/02\\\/selenium-medical-participe-a-medinov-connection-2023\\\/#primaryimage\"},\"thumbnailUrl\":\"https:\\\/\\\/www.selenium-medical.com\\\/wp-content\\\/uploads\\\/2025\\\/03\\\/Group-2-2.png\",\"articleSection\":[\"Salon\"],\"inLanguage\":\"fr-FR\"},{\"@type\":\"WebPage\",\"@id\":\"https:\\\/\\\/www.selenium-medical.com\\\/fr\\\/2023\\\/05\\\/02\\\/selenium-medical-participe-a-medinov-connection-2023\\\/\",\"url\":\"https:\\\/\\\/www.selenium-medical.com\\\/fr\\\/2023\\\/05\\\/02\\\/selenium-medical-participe-a-medinov-connection-2023\\\/\",\"name\":\"Selenium Medical participe \u00e0 Medi\u2019Nov Connection 2023\",\"isPartOf\":{\"@id\":\"https:\\\/\\\/www.selenium-medical.com\\\/fr\\\/#website\"},\"primaryImageOfPage\":{\"@id\":\"https:\\\/\\\/www.selenium-medical.com\\\/fr\\\/2023\\\/05\\\/02\\\/selenium-medical-participe-a-medinov-connection-2023\\\/#primaryimage\"},\"image\":{\"@id\":\"https:\\\/\\\/www.selenium-medical.com\\\/fr\\\/2023\\\/05\\\/02\\\/selenium-medical-participe-a-medinov-connection-2023\\\/#primaryimage\"},\"thumbnailUrl\":\"https:\\\/\\\/www.selenium-medical.com\\\/wp-content\\\/uploads\\\/2025\\\/03\\\/Group-2-2.png\",\"datePublished\":\"2023-05-02T07:00:56+00:00\",\"dateModified\":\"2025-03-10T15:39:10+00:00\",\"author\":{\"@id\":\"https:\\\/\\\/www.selenium-medical.com\\\/fr\\\/#\\\/schema\\\/person\\\/cc762db7886cc1b4ab70f43dbee5e52f\"},\"description\":\"Selenium Medical exposera du 31 mai au 1er juin prochain au salon Medi'Nov Connection, au Centre des Congr\u00e8s \u00e0 Lyon.\",\"breadcrumb\":{\"@id\":\"https:\\\/\\\/www.selenium-medical.com\\\/fr\\\/2023\\\/05\\\/02\\\/selenium-medical-participe-a-medinov-connection-2023\\\/#breadcrumb\"},\"inLanguage\":\"fr-FR\",\"potentialAction\":[{\"@type\":\"ReadAction\",\"target\":[\"https:\\\/\\\/www.selenium-medical.com\\\/fr\\\/2023\\\/05\\\/02\\\/selenium-medical-participe-a-medinov-connection-2023\\\/\"]}]},{\"@type\":\"ImageObject\",\"inLanguage\":\"fr-FR\",\"@id\":\"https:\\\/\\\/www.selenium-medical.com\\\/fr\\\/2023\\\/05\\\/02\\\/selenium-medical-participe-a-medinov-connection-2023\\\/#primaryimage\",\"url\":\"https:\\\/\\\/www.selenium-medical.com\\\/wp-content\\\/uploads\\\/2025\\\/03\\\/Group-2-2.png\",\"contentUrl\":\"https:\\\/\\\/www.selenium-medical.com\\\/wp-content\\\/uploads\\\/2025\\\/03\\\/Group-2-2.png\",\"width\":2013,\"height\":1120,\"caption\":\"Selenium Medical - Medi'NOV 2025\"},{\"@type\":\"BreadcrumbList\",\"@id\":\"https:\\\/\\\/www.selenium-medical.com\\\/fr\\\/2023\\\/05\\\/02\\\/selenium-medical-participe-a-medinov-connection-2023\\\/#breadcrumb\",\"itemListElement\":[{\"@type\":\"ListItem\",\"position\":1,\"name\":\"Accueil\",\"item\":\"https:\\\/\\\/www.selenium-medical.com\\\/fr\\\/\"},{\"@type\":\"ListItem\",\"position\":2,\"name\":\"Selenium Medical participe \u00e0 Medi\u2019Nov Connection 2023\"}]},{\"@type\":\"WebSite\",\"@id\":\"https:\\\/\\\/www.selenium-medical.com\\\/fr\\\/#website\",\"url\":\"https:\\\/\\\/www.selenium-medical.com\\\/fr\\\/\",\"name\":\"Selenium Medical\",\"description\":\"\",\"potentialAction\":[{\"@type\":\"SearchAction\",\"target\":{\"@type\":\"EntryPoint\",\"urlTemplate\":\"https:\\\/\\\/www.selenium-medical.com\\\/fr\\\/?s={search_term_string}\"},\"query-input\":{\"@type\":\"PropertyValueSpecification\",\"valueRequired\":true,\"valueName\":\"search_term_string\"}}],\"inLanguage\":\"fr-FR\"},{\"@type\":\"Person\",\"@id\":\"https:\\\/\\\/www.selenium-medical.com\\\/fr\\\/#\\\/schema\\\/person\\\/cc762db7886cc1b4ab70f43dbee5e52f\",\"name\":\"Marine\",\"image\":{\"@type\":\"ImageObject\",\"inLanguage\":\"fr-FR\",\"@id\":\"https:\\\/\\\/secure.gravatar.com\\\/avatar\\\/f0a30066a136937dd7563e044eb53edac73948e1614b6ff3aff9f95a83360ddc?s=96&d=mm&r=g\",\"url\":\"https:\\\/\\\/secure.gravatar.com\\\/avatar\\\/f0a30066a136937dd7563e044eb53edac73948e1614b6ff3aff9f95a83360ddc?s=96&d=mm&r=g\",\"contentUrl\":\"https:\\\/\\\/secure.gravatar.com\\\/avatar\\\/f0a30066a136937dd7563e044eb53edac73948e1614b6ff3aff9f95a83360ddc?s=96&d=mm&r=g\",\"caption\":\"Marine\"}}]}<\/script>\n<!-- \/ Yoast SEO plugin. -->","yoast_head_json":{"title":"Selenium Medical participe \u00e0 Medi\u2019Nov Connection 2023","description":"Selenium Medical exposera du 31 mai au 1er juin prochain au salon Medi'Nov Connection, au Centre des Congr\u00e8s \u00e0 Lyon.","robots":{"index":"index","follow":"follow","max-snippet":"max-snippet:-1","max-image-preview":"max-image-preview:large","max-video-preview":"max-video-preview:-1"},"canonical":"https:\/\/www.selenium-medical.com\/fr\/2023\/05\/02\/selenium-medical-participe-a-medinov-connection-2023\/","og_locale":"fr_FR","og_type":"article","og_title":"Selenium Medical participe \u00e0 Medi\u2019Nov Connection 2023","og_description":"Selenium Medical exposera du 31 mai au 1er juin prochain au salon Medi'Nov Connection, au Centre des Congr\u00e8s \u00e0 Lyon.","og_url":"https:\/\/www.selenium-medical.com\/fr\/2023\/05\/02\/selenium-medical-participe-a-medinov-connection-2023\/","og_site_name":"Selenium Medical","article_published_time":"2023-05-02T07:00:56+00:00","article_modified_time":"2025-03-10T15:39:10+00:00","og_image":[{"width":1024,"height":570,"url":"https:\/\/www.selenium-medical.com\/wp-content\/uploads\/2025\/03\/Group-2-2-1024x570.png","type":"image\/png"}],"author":"Marine","twitter_card":"summary_large_image","twitter_misc":{"\u00c9crit par":"Marine","Dur\u00e9e de lecture estim\u00e9e":"2 minutes"},"schema":{"@context":"https:\/\/schema.org","@graph":[{"@type":"Article","@id":"https:\/\/www.selenium-medical.com\/fr\/2023\/05\/02\/selenium-medical-participe-a-medinov-connection-2023\/#article","isPartOf":{"@id":"https:\/\/www.selenium-medical.com\/fr\/2023\/05\/02\/selenium-medical-participe-a-medinov-connection-2023\/"},"author":{"name":"Marine","@id":"https:\/\/www.selenium-medical.com\/fr\/#\/schema\/person\/cc762db7886cc1b4ab70f43dbee5e52f"},"headline":"Selenium Medical participe \u00e0 Medi\u2019Nov Connection 2023","datePublished":"2023-05-02T07:00:56+00:00","dateModified":"2025-03-10T15:39:10+00:00","mainEntityOfPage":{"@id":"https:\/\/www.selenium-medical.com\/fr\/2023\/05\/02\/selenium-medical-participe-a-medinov-connection-2023\/"},"wordCount":329,"image":{"@id":"https:\/\/www.selenium-medical.com\/fr\/2023\/05\/02\/selenium-medical-participe-a-medinov-connection-2023\/#primaryimage"},"thumbnailUrl":"https:\/\/www.selenium-medical.com\/wp-content\/uploads\/2025\/03\/Group-2-2.png","articleSection":["Salon"],"inLanguage":"fr-FR"},{"@type":"WebPage","@id":"https:\/\/www.selenium-medical.com\/fr\/2023\/05\/02\/selenium-medical-participe-a-medinov-connection-2023\/","url":"https:\/\/www.selenium-medical.com\/fr\/2023\/05\/02\/selenium-medical-participe-a-medinov-connection-2023\/","name":"Selenium Medical participe \u00e0 Medi\u2019Nov Connection 2023","isPartOf":{"@id":"https:\/\/www.selenium-medical.com\/fr\/#website"},"primaryImageOfPage":{"@id":"https:\/\/www.selenium-medical.com\/fr\/2023\/05\/02\/selenium-medical-participe-a-medinov-connection-2023\/#primaryimage"},"image":{"@id":"https:\/\/www.selenium-medical.com\/fr\/2023\/05\/02\/selenium-medical-participe-a-medinov-connection-2023\/#primaryimage"},"thumbnailUrl":"https:\/\/www.selenium-medical.com\/wp-content\/uploads\/2025\/03\/Group-2-2.png","datePublished":"2023-05-02T07:00:56+00:00","dateModified":"2025-03-10T15:39:10+00:00","author":{"@id":"https:\/\/www.selenium-medical.com\/fr\/#\/schema\/person\/cc762db7886cc1b4ab70f43dbee5e52f"},"description":"Selenium Medical exposera du 31 mai au 1er juin prochain au salon Medi'Nov Connection, au Centre des Congr\u00e8s \u00e0 Lyon.","breadcrumb":{"@id":"https:\/\/www.selenium-medical.com\/fr\/2023\/05\/02\/selenium-medical-participe-a-medinov-connection-2023\/#breadcrumb"},"inLanguage":"fr-FR","potentialAction":[{"@type":"ReadAction","target":["https:\/\/www.selenium-medical.com\/fr\/2023\/05\/02\/selenium-medical-participe-a-medinov-connection-2023\/"]}]},{"@type":"ImageObject","inLanguage":"fr-FR","@id":"https:\/\/www.selenium-medical.com\/fr\/2023\/05\/02\/selenium-medical-participe-a-medinov-connection-2023\/#primaryimage","url":"https:\/\/www.selenium-medical.com\/wp-content\/uploads\/2025\/03\/Group-2-2.png","contentUrl":"https:\/\/www.selenium-medical.com\/wp-content\/uploads\/2025\/03\/Group-2-2.png","width":2013,"height":1120,"caption":"Selenium Medical - Medi'NOV 2025"},{"@type":"BreadcrumbList","@id":"https:\/\/www.selenium-medical.com\/fr\/2023\/05\/02\/selenium-medical-participe-a-medinov-connection-2023\/#breadcrumb","itemListElement":[{"@type":"ListItem","position":1,"name":"Accueil","item":"https:\/\/www.selenium-medical.com\/fr\/"},{"@type":"ListItem","position":2,"name":"Selenium Medical participe \u00e0 Medi\u2019Nov Connection 2023"}]},{"@type":"WebSite","@id":"https:\/\/www.selenium-medical.com\/fr\/#website","url":"https:\/\/www.selenium-medical.com\/fr\/","name":"Selenium Medical","description":"","potentialAction":[{"@type":"SearchAction","target":{"@type":"EntryPoint","urlTemplate":"https:\/\/www.selenium-medical.com\/fr\/?s={search_term_string}"},"query-input":{"@type":"PropertyValueSpecification","valueRequired":true,"valueName":"search_term_string"}}],"inLanguage":"fr-FR"},{"@type":"Person","@id":"https:\/\/www.selenium-medical.com\/fr\/#\/schema\/person\/cc762db7886cc1b4ab70f43dbee5e52f","name":"Marine","image":{"@type":"ImageObject","inLanguage":"fr-FR","@id":"https:\/\/secure.gravatar.com\/avatar\/f0a30066a136937dd7563e044eb53edac73948e1614b6ff3aff9f95a83360ddc?s=96&d=mm&r=g","url":"https:\/\/secure.gravatar.com\/avatar\/f0a30066a136937dd7563e044eb53edac73948e1614b6ff3aff9f95a83360ddc?s=96&d=mm&r=g","contentUrl":"https:\/\/secure.gravatar.com\/avatar\/f0a30066a136937dd7563e044eb53edac73948e1614b6ff3aff9f95a83360ddc?s=96&d=mm&r=g","caption":"Marine"}}]}},"_links":{"self":[{"href":"https:\/\/www.selenium-medical.com\/fr\/wp-json\/wp\/v2\/posts\/3611","targetHints":{"allow":["GET"]}}],"collection":[{"href":"https:\/\/www.selenium-medical.com\/fr\/wp-json\/wp\/v2\/posts"}],"about":[{"href":"https:\/\/www.selenium-medical.com\/fr\/wp-json\/wp\/v2\/types\/post"}],"author":[{"embeddable":true,"href":"https:\/\/www.selenium-medical.com\/fr\/wp-json\/wp\/v2\/users\/2"}],"replies":[{"embeddable":true,"href":"https:\/\/www.selenium-medical.com\/fr\/wp-json\/wp\/v2\/comments?post=3611"}],"version-history":[{"count":3,"href":"https:\/\/www.selenium-medical.com\/fr\/wp-json\/wp\/v2\/posts\/3611\/revisions"}],"predecessor-version":[{"id":6251,"href":"https:\/\/www.selenium-medical.com\/fr\/wp-json\/wp\/v2\/posts\/3611\/revisions\/6251"}],"wp:featuredmedia":[{"embeddable":true,"href":"https:\/\/www.selenium-medical.com\/fr\/wp-json\/wp\/v2\/media\/6147"}],"wp:attachment":[{"href":"https:\/\/www.selenium-medical.com\/fr\/wp-json\/wp\/v2\/media?parent=3611"}],"wp:term":[{"taxonomy":"category","embeddable":true,"href":"https:\/\/www.selenium-medical.com\/fr\/wp-json\/wp\/v2\/categories?post=3611"}],"curies":[{"name":"wp","href":"https:\/\/api.w.org\/{rel}","templated":true}]}}