{"id":4207,"date":"2024-10-07T10:38:52","date_gmt":"2024-10-07T08:38:52","guid":{"rendered":"https:\/\/www.selenium-medical.com\/?p=4207"},"modified":"2025-03-07T12:51:28","modified_gmt":"2025-03-07T11:51:28","slug":"la-rentree-du-dm-selenium-medical-renouvelle-sa-participation-2","status":"publish","type":"post","link":"https:\/\/www.selenium-medical.com\/fr\/2024\/10\/07\/la-rentree-du-dm-selenium-medical-renouvelle-sa-participation-2\/","title":{"rendered":"La Rentr\u00e9e du Dm : Selenium Medical renouvelle sa participation"},"content":{"rendered":"<p><strong>Selenium Medical exposera \u00e0 La Rentr\u00e9e du Dm 2024 le 8 et 9 octobre \u00e0 Besan\u00e7on.<\/strong><\/p>\n<p>&nbsp;<\/p>\n<h2>Salon de la Rentr\u00e9e du DM : la 12\u00e8me \u00e9dition<\/h2>\n<p>Le Salon de la Rentr\u00e9e du DM est devenu un rendez-vous incontournable pour les acteurs de l&rsquo;industrie des dispositifs m\u00e9dicaux. Avec des conf\u00e9rences anim\u00e9es par l&rsquo;ISIFC, l&rsquo;\u00e9v\u00e9nement permet aux professionnels de se familiariser avec les enjeux r\u00e9glementaires et cliniques actuels. Le Village Exposants, regroupant 30 stands, offre une occasion unique de d\u00e9couvrir les derni\u00e8res innovations et de rencontrer des experts du secteur. Ce salon attire chaque ann\u00e9e des centaines de professionnels, favorisant les \u00e9changes et le partage d&rsquo;id\u00e9es.<\/p>\n<p>&nbsp;<\/p>\n<h2>Rencontrez Selenium Medical au Salon de la Rentr\u00e9e du DM<\/h2>\n<p>Nous vous invitons \u00e0 nous retrouver au stand 3 lors de cet \u00e9v\u00e9nement. Notre \u00e9quipe sera pr\u00e9sente pour vous pr\u00e9senter nos diff\u00e9rentes activit\u00e9s et \u00e9changer autour de vos besoins. Vous aurez l\u2019occasion d\u2019en apprendre davantage sur nos services de consulting et d\u2019ing\u00e9nierie. Ainsi, nous accompagnons tant les petites que les grandes entreprises, de la phase de d\u00e9veloppement \u00e0 la certification de leur dispositif m\u00e9dical. Nous intervenons sur une ou plusieurs \u00e9tapes du cycle de vie de leur produit. Cela inclut l&rsquo;accompagnement en mati\u00e8re de conformit\u00e9 r\u00e9glementaire, la recherche et d\u00e9veloppement, l&rsquo;industrialisation, ainsi que les phases de v\u00e9rification et validation, y compris les essais en laboratoire.<\/p>\n<p>Enfin, vous pourrez d\u00e9couvrir nos services de sous-traitance pour les dispositifs m\u00e9dicaux en<a href=\"https:\/\/www.selenium-medical.com\/fr\/selenium-injection\/\"> injection plastique<\/a><a href=\"https:\/\/www.selenium-medical.com\/fr\/selenium-surface-treatment\/traitement-de-surface\/\">, <\/a><a href=\"https:\/\/www.selenium-medical.com\/fr\/selenium-surface-treatment\/\">traitement de surface <\/a>et <a href=\"https:\/\/www.selenium-medical.com\/fr\/selenium-packaging\/\">emballage.<\/a> Nos solutions innovantes en mati\u00e8re d&#8217;emballages et de proc\u00e9d\u00e9s pour la protection de vos dispositifs m\u00e9dicaux seront \u00e9galement expos\u00e9es !<\/p>\n<p>&nbsp;<\/p>\n<h3>Rejoignez-nous sur le stand 3 !<\/h3>\n<p>Ne manquez pas cette opportunit\u00e9 de nous rencontrer ! Pour plus d\u2019informations sur l\u2019\u00e9v\u00e9nement et les modalit\u00e9s d\u2019inscription, rendez-vous sur <a href=\"https:\/\/www.larentreedudm.com\">le site officiel<\/a> du Salon de la Rentr\u00e9e du DM. Pour rester inform\u00e9 de nos derni\u00e8res actualit\u00e9s, suivez-nous sur LinkedIn.<\/p>\n","protected":false},"excerpt":{"rendered":"<p>Selenium Medical exposera \u00e0 La Rentr\u00e9e du Dm 2024 le 8 et 9 octobre \u00e0 Besan\u00e7on. &nbsp; Salon de la Rentr\u00e9e du DM : la 12\u00e8me \u00e9dition Le Salon de la Rentr\u00e9e du DM est devenu un rendez-vous incontournable pour les acteurs de l&rsquo;industrie des dispositifs m\u00e9dicaux. Avec des conf\u00e9rences anim\u00e9es par l&rsquo;ISIFC, l&rsquo;\u00e9v\u00e9nement permet [&hellip;]<\/p>\n","protected":false},"author":2,"featured_media":6137,"comment_status":"closed","ping_status":"closed","sticky":false,"template":"","format":"standard","meta":{"_acf_changed":false,"inline_featured_image":false,"footnotes":""},"categories":[43,23],"class_list":["post-4207","post","type-post","status-publish","format-standard","has-post-thumbnail","hentry","category-conseils-tests","category-salon"],"acf":[],"yoast_head":"<!-- This site is optimized with the Yoast SEO plugin v27.4 - https:\/\/yoast.com\/product\/yoast-seo-wordpress\/ -->\n<title>La Rentr\u00e9e du Dm : Selenium Medical renouvelle sa participation<\/title>\n<meta name=\"description\" content=\"Retrouvez Selenium Medical du 08 au 09 octobre prochain, au salon La Rentr\u00e9e du DM \u00e0 Besan\u00e7on, en tant qu&#039;exposant.\" \/>\n<meta name=\"robots\" content=\"index, follow, max-snippet:-1, max-image-preview:large, max-video-preview:-1\" \/>\n<link rel=\"canonical\" href=\"https:\/\/www.selenium-medical.com\/fr\/2024\/10\/07\/la-rentree-du-dm-selenium-medical-renouvelle-sa-participation-2\/\" \/>\n<meta property=\"og:locale\" content=\"fr_FR\" \/>\n<meta property=\"og:type\" content=\"article\" \/>\n<meta property=\"og:title\" content=\"La Rentr\u00e9e du Dm : Selenium Medical renouvelle sa participation\" \/>\n<meta property=\"og:description\" content=\"Retrouvez Selenium Medical du 08 au 09 octobre prochain, au salon La Rentr\u00e9e du DM \u00e0 Besan\u00e7on, en tant qu&#039;exposant.\" \/>\n<meta property=\"og:url\" content=\"https:\/\/www.selenium-medical.com\/fr\/2024\/10\/07\/la-rentree-du-dm-selenium-medical-renouvelle-sa-participation-2\/\" \/>\n<meta property=\"og:site_name\" content=\"Selenium Medical\" \/>\n<meta property=\"article:published_time\" content=\"2024-10-07T08:38:52+00:00\" \/>\n<meta property=\"article:modified_time\" content=\"2025-03-07T11:51:28+00:00\" \/>\n<meta property=\"og:image\" content=\"https:\/\/www.selenium-medical.com\/wp-content\/uploads\/2025\/01\/Group-2-1024x683.png\" \/>\n\t<meta property=\"og:image:width\" content=\"1024\" \/>\n\t<meta property=\"og:image:height\" content=\"683\" \/>\n\t<meta property=\"og:image:type\" content=\"image\/png\" \/>\n<meta name=\"author\" content=\"Marine\" \/>\n<meta name=\"twitter:card\" content=\"summary_large_image\" \/>\n<meta name=\"twitter:label1\" content=\"\u00c9crit par\" \/>\n\t<meta name=\"twitter:data1\" content=\"Marine\" \/>\n\t<meta name=\"twitter:label2\" content=\"Dur\u00e9e de lecture estim\u00e9e\" \/>\n\t<meta name=\"twitter:data2\" content=\"2 minutes\" \/>\n<script type=\"application\/ld+json\" class=\"yoast-schema-graph\">{\"@context\":\"https:\\\/\\\/schema.org\",\"@graph\":[{\"@type\":\"Article\",\"@id\":\"https:\\\/\\\/www.selenium-medical.com\\\/fr\\\/2024\\\/10\\\/07\\\/la-rentree-du-dm-selenium-medical-renouvelle-sa-participation-2\\\/#article\",\"isPartOf\":{\"@id\":\"https:\\\/\\\/www.selenium-medical.com\\\/fr\\\/2024\\\/10\\\/07\\\/la-rentree-du-dm-selenium-medical-renouvelle-sa-participation-2\\\/\"},\"author\":{\"name\":\"Marine\",\"@id\":\"https:\\\/\\\/www.selenium-medical.com\\\/fr\\\/#\\\/schema\\\/person\\\/cc762db7886cc1b4ab70f43dbee5e52f\"},\"headline\":\"La Rentr\u00e9e du Dm : Selenium Medical renouvelle sa participation\",\"datePublished\":\"2024-10-07T08:38:52+00:00\",\"dateModified\":\"2025-03-07T11:51:28+00:00\",\"mainEntityOfPage\":{\"@id\":\"https:\\\/\\\/www.selenium-medical.com\\\/fr\\\/2024\\\/10\\\/07\\\/la-rentree-du-dm-selenium-medical-renouvelle-sa-participation-2\\\/\"},\"wordCount\":355,\"image\":{\"@id\":\"https:\\\/\\\/www.selenium-medical.com\\\/fr\\\/2024\\\/10\\\/07\\\/la-rentree-du-dm-selenium-medical-renouvelle-sa-participation-2\\\/#primaryimage\"},\"thumbnailUrl\":\"https:\\\/\\\/www.selenium-medical.com\\\/wp-content\\\/uploads\\\/2025\\\/01\\\/Group-2.png\",\"articleSection\":[\"Conseils &amp; tests\",\"Salon\"],\"inLanguage\":\"fr-FR\"},{\"@type\":\"WebPage\",\"@id\":\"https:\\\/\\\/www.selenium-medical.com\\\/fr\\\/2024\\\/10\\\/07\\\/la-rentree-du-dm-selenium-medical-renouvelle-sa-participation-2\\\/\",\"url\":\"https:\\\/\\\/www.selenium-medical.com\\\/fr\\\/2024\\\/10\\\/07\\\/la-rentree-du-dm-selenium-medical-renouvelle-sa-participation-2\\\/\",\"name\":\"La Rentr\u00e9e du Dm : Selenium Medical renouvelle sa participation\",\"isPartOf\":{\"@id\":\"https:\\\/\\\/www.selenium-medical.com\\\/fr\\\/#website\"},\"primaryImageOfPage\":{\"@id\":\"https:\\\/\\\/www.selenium-medical.com\\\/fr\\\/2024\\\/10\\\/07\\\/la-rentree-du-dm-selenium-medical-renouvelle-sa-participation-2\\\/#primaryimage\"},\"image\":{\"@id\":\"https:\\\/\\\/www.selenium-medical.com\\\/fr\\\/2024\\\/10\\\/07\\\/la-rentree-du-dm-selenium-medical-renouvelle-sa-participation-2\\\/#primaryimage\"},\"thumbnailUrl\":\"https:\\\/\\\/www.selenium-medical.com\\\/wp-content\\\/uploads\\\/2025\\\/01\\\/Group-2.png\",\"datePublished\":\"2024-10-07T08:38:52+00:00\",\"dateModified\":\"2025-03-07T11:51:28+00:00\",\"author\":{\"@id\":\"https:\\\/\\\/www.selenium-medical.com\\\/fr\\\/#\\\/schema\\\/person\\\/cc762db7886cc1b4ab70f43dbee5e52f\"},\"description\":\"Retrouvez Selenium Medical du 08 au 09 octobre prochain, au salon La Rentr\u00e9e du DM \u00e0 Besan\u00e7on, en tant qu'exposant.\",\"breadcrumb\":{\"@id\":\"https:\\\/\\\/www.selenium-medical.com\\\/fr\\\/2024\\\/10\\\/07\\\/la-rentree-du-dm-selenium-medical-renouvelle-sa-participation-2\\\/#breadcrumb\"},\"inLanguage\":\"fr-FR\",\"potentialAction\":[{\"@type\":\"ReadAction\",\"target\":[\"https:\\\/\\\/www.selenium-medical.com\\\/fr\\\/2024\\\/10\\\/07\\\/la-rentree-du-dm-selenium-medical-renouvelle-sa-participation-2\\\/\"]}]},{\"@type\":\"ImageObject\",\"inLanguage\":\"fr-FR\",\"@id\":\"https:\\\/\\\/www.selenium-medical.com\\\/fr\\\/2024\\\/10\\\/07\\\/la-rentree-du-dm-selenium-medical-renouvelle-sa-participation-2\\\/#primaryimage\",\"url\":\"https:\\\/\\\/www.selenium-medical.com\\\/wp-content\\\/uploads\\\/2025\\\/01\\\/Group-2.png\",\"contentUrl\":\"https:\\\/\\\/www.selenium-medical.com\\\/wp-content\\\/uploads\\\/2025\\\/01\\\/Group-2.png\",\"width\":1992,\"height\":1328},{\"@type\":\"BreadcrumbList\",\"@id\":\"https:\\\/\\\/www.selenium-medical.com\\\/fr\\\/2024\\\/10\\\/07\\\/la-rentree-du-dm-selenium-medical-renouvelle-sa-participation-2\\\/#breadcrumb\",\"itemListElement\":[{\"@type\":\"ListItem\",\"position\":1,\"name\":\"Accueil\",\"item\":\"https:\\\/\\\/www.selenium-medical.com\\\/fr\\\/\"},{\"@type\":\"ListItem\",\"position\":2,\"name\":\"La Rentr\u00e9e du Dm : Selenium Medical renouvelle sa participation\"}]},{\"@type\":\"WebSite\",\"@id\":\"https:\\\/\\\/www.selenium-medical.com\\\/fr\\\/#website\",\"url\":\"https:\\\/\\\/www.selenium-medical.com\\\/fr\\\/\",\"name\":\"Selenium Medical\",\"description\":\"\",\"potentialAction\":[{\"@type\":\"SearchAction\",\"target\":{\"@type\":\"EntryPoint\",\"urlTemplate\":\"https:\\\/\\\/www.selenium-medical.com\\\/fr\\\/?s={search_term_string}\"},\"query-input\":{\"@type\":\"PropertyValueSpecification\",\"valueRequired\":true,\"valueName\":\"search_term_string\"}}],\"inLanguage\":\"fr-FR\"},{\"@type\":\"Person\",\"@id\":\"https:\\\/\\\/www.selenium-medical.com\\\/fr\\\/#\\\/schema\\\/person\\\/cc762db7886cc1b4ab70f43dbee5e52f\",\"name\":\"Marine\",\"image\":{\"@type\":\"ImageObject\",\"inLanguage\":\"fr-FR\",\"@id\":\"https:\\\/\\\/secure.gravatar.com\\\/avatar\\\/f0a30066a136937dd7563e044eb53edac73948e1614b6ff3aff9f95a83360ddc?s=96&d=mm&r=g\",\"url\":\"https:\\\/\\\/secure.gravatar.com\\\/avatar\\\/f0a30066a136937dd7563e044eb53edac73948e1614b6ff3aff9f95a83360ddc?s=96&d=mm&r=g\",\"contentUrl\":\"https:\\\/\\\/secure.gravatar.com\\\/avatar\\\/f0a30066a136937dd7563e044eb53edac73948e1614b6ff3aff9f95a83360ddc?s=96&d=mm&r=g\",\"caption\":\"Marine\"}}]}<\/script>\n<!-- \/ Yoast SEO plugin. -->","yoast_head_json":{"title":"La Rentr\u00e9e du Dm : Selenium Medical renouvelle sa participation","description":"Retrouvez Selenium Medical du 08 au 09 octobre prochain, au salon La Rentr\u00e9e du DM \u00e0 Besan\u00e7on, en tant qu'exposant.","robots":{"index":"index","follow":"follow","max-snippet":"max-snippet:-1","max-image-preview":"max-image-preview:large","max-video-preview":"max-video-preview:-1"},"canonical":"https:\/\/www.selenium-medical.com\/fr\/2024\/10\/07\/la-rentree-du-dm-selenium-medical-renouvelle-sa-participation-2\/","og_locale":"fr_FR","og_type":"article","og_title":"La Rentr\u00e9e du Dm : Selenium Medical renouvelle sa participation","og_description":"Retrouvez Selenium Medical du 08 au 09 octobre prochain, au salon La Rentr\u00e9e du DM \u00e0 Besan\u00e7on, en tant qu'exposant.","og_url":"https:\/\/www.selenium-medical.com\/fr\/2024\/10\/07\/la-rentree-du-dm-selenium-medical-renouvelle-sa-participation-2\/","og_site_name":"Selenium Medical","article_published_time":"2024-10-07T08:38:52+00:00","article_modified_time":"2025-03-07T11:51:28+00:00","og_image":[{"width":1024,"height":683,"url":"https:\/\/www.selenium-medical.com\/wp-content\/uploads\/2025\/01\/Group-2-1024x683.png","type":"image\/png"}],"author":"Marine","twitter_card":"summary_large_image","twitter_misc":{"\u00c9crit par":"Marine","Dur\u00e9e de lecture estim\u00e9e":"2 minutes"},"schema":{"@context":"https:\/\/schema.org","@graph":[{"@type":"Article","@id":"https:\/\/www.selenium-medical.com\/fr\/2024\/10\/07\/la-rentree-du-dm-selenium-medical-renouvelle-sa-participation-2\/#article","isPartOf":{"@id":"https:\/\/www.selenium-medical.com\/fr\/2024\/10\/07\/la-rentree-du-dm-selenium-medical-renouvelle-sa-participation-2\/"},"author":{"name":"Marine","@id":"https:\/\/www.selenium-medical.com\/fr\/#\/schema\/person\/cc762db7886cc1b4ab70f43dbee5e52f"},"headline":"La Rentr\u00e9e du Dm : Selenium Medical renouvelle sa participation","datePublished":"2024-10-07T08:38:52+00:00","dateModified":"2025-03-07T11:51:28+00:00","mainEntityOfPage":{"@id":"https:\/\/www.selenium-medical.com\/fr\/2024\/10\/07\/la-rentree-du-dm-selenium-medical-renouvelle-sa-participation-2\/"},"wordCount":355,"image":{"@id":"https:\/\/www.selenium-medical.com\/fr\/2024\/10\/07\/la-rentree-du-dm-selenium-medical-renouvelle-sa-participation-2\/#primaryimage"},"thumbnailUrl":"https:\/\/www.selenium-medical.com\/wp-content\/uploads\/2025\/01\/Group-2.png","articleSection":["Conseils &amp; tests","Salon"],"inLanguage":"fr-FR"},{"@type":"WebPage","@id":"https:\/\/www.selenium-medical.com\/fr\/2024\/10\/07\/la-rentree-du-dm-selenium-medical-renouvelle-sa-participation-2\/","url":"https:\/\/www.selenium-medical.com\/fr\/2024\/10\/07\/la-rentree-du-dm-selenium-medical-renouvelle-sa-participation-2\/","name":"La Rentr\u00e9e du Dm : Selenium Medical renouvelle sa participation","isPartOf":{"@id":"https:\/\/www.selenium-medical.com\/fr\/#website"},"primaryImageOfPage":{"@id":"https:\/\/www.selenium-medical.com\/fr\/2024\/10\/07\/la-rentree-du-dm-selenium-medical-renouvelle-sa-participation-2\/#primaryimage"},"image":{"@id":"https:\/\/www.selenium-medical.com\/fr\/2024\/10\/07\/la-rentree-du-dm-selenium-medical-renouvelle-sa-participation-2\/#primaryimage"},"thumbnailUrl":"https:\/\/www.selenium-medical.com\/wp-content\/uploads\/2025\/01\/Group-2.png","datePublished":"2024-10-07T08:38:52+00:00","dateModified":"2025-03-07T11:51:28+00:00","author":{"@id":"https:\/\/www.selenium-medical.com\/fr\/#\/schema\/person\/cc762db7886cc1b4ab70f43dbee5e52f"},"description":"Retrouvez Selenium Medical du 08 au 09 octobre prochain, au salon La Rentr\u00e9e du DM \u00e0 Besan\u00e7on, en tant qu'exposant.","breadcrumb":{"@id":"https:\/\/www.selenium-medical.com\/fr\/2024\/10\/07\/la-rentree-du-dm-selenium-medical-renouvelle-sa-participation-2\/#breadcrumb"},"inLanguage":"fr-FR","potentialAction":[{"@type":"ReadAction","target":["https:\/\/www.selenium-medical.com\/fr\/2024\/10\/07\/la-rentree-du-dm-selenium-medical-renouvelle-sa-participation-2\/"]}]},{"@type":"ImageObject","inLanguage":"fr-FR","@id":"https:\/\/www.selenium-medical.com\/fr\/2024\/10\/07\/la-rentree-du-dm-selenium-medical-renouvelle-sa-participation-2\/#primaryimage","url":"https:\/\/www.selenium-medical.com\/wp-content\/uploads\/2025\/01\/Group-2.png","contentUrl":"https:\/\/www.selenium-medical.com\/wp-content\/uploads\/2025\/01\/Group-2.png","width":1992,"height":1328},{"@type":"BreadcrumbList","@id":"https:\/\/www.selenium-medical.com\/fr\/2024\/10\/07\/la-rentree-du-dm-selenium-medical-renouvelle-sa-participation-2\/#breadcrumb","itemListElement":[{"@type":"ListItem","position":1,"name":"Accueil","item":"https:\/\/www.selenium-medical.com\/fr\/"},{"@type":"ListItem","position":2,"name":"La Rentr\u00e9e du Dm : Selenium Medical renouvelle sa participation"}]},{"@type":"WebSite","@id":"https:\/\/www.selenium-medical.com\/fr\/#website","url":"https:\/\/www.selenium-medical.com\/fr\/","name":"Selenium Medical","description":"","potentialAction":[{"@type":"SearchAction","target":{"@type":"EntryPoint","urlTemplate":"https:\/\/www.selenium-medical.com\/fr\/?s={search_term_string}"},"query-input":{"@type":"PropertyValueSpecification","valueRequired":true,"valueName":"search_term_string"}}],"inLanguage":"fr-FR"},{"@type":"Person","@id":"https:\/\/www.selenium-medical.com\/fr\/#\/schema\/person\/cc762db7886cc1b4ab70f43dbee5e52f","name":"Marine","image":{"@type":"ImageObject","inLanguage":"fr-FR","@id":"https:\/\/secure.gravatar.com\/avatar\/f0a30066a136937dd7563e044eb53edac73948e1614b6ff3aff9f95a83360ddc?s=96&d=mm&r=g","url":"https:\/\/secure.gravatar.com\/avatar\/f0a30066a136937dd7563e044eb53edac73948e1614b6ff3aff9f95a83360ddc?s=96&d=mm&r=g","contentUrl":"https:\/\/secure.gravatar.com\/avatar\/f0a30066a136937dd7563e044eb53edac73948e1614b6ff3aff9f95a83360ddc?s=96&d=mm&r=g","caption":"Marine"}}]}},"_links":{"self":[{"href":"https:\/\/www.selenium-medical.com\/fr\/wp-json\/wp\/v2\/posts\/4207","targetHints":{"allow":["GET"]}}],"collection":[{"href":"https:\/\/www.selenium-medical.com\/fr\/wp-json\/wp\/v2\/posts"}],"about":[{"href":"https:\/\/www.selenium-medical.com\/fr\/wp-json\/wp\/v2\/types\/post"}],"author":[{"embeddable":true,"href":"https:\/\/www.selenium-medical.com\/fr\/wp-json\/wp\/v2\/users\/2"}],"replies":[{"embeddable":true,"href":"https:\/\/www.selenium-medical.com\/fr\/wp-json\/wp\/v2\/comments?post=4207"}],"version-history":[{"count":3,"href":"https:\/\/www.selenium-medical.com\/fr\/wp-json\/wp\/v2\/posts\/4207\/revisions"}],"predecessor-version":[{"id":6195,"href":"https:\/\/www.selenium-medical.com\/fr\/wp-json\/wp\/v2\/posts\/4207\/revisions\/6195"}],"wp:featuredmedia":[{"embeddable":true,"href":"https:\/\/www.selenium-medical.com\/fr\/wp-json\/wp\/v2\/media\/6137"}],"wp:attachment":[{"href":"https:\/\/www.selenium-medical.com\/fr\/wp-json\/wp\/v2\/media?parent=4207"}],"wp:term":[{"taxonomy":"category","embeddable":true,"href":"https:\/\/www.selenium-medical.com\/fr\/wp-json\/wp\/v2\/categories?post=4207"}],"curies":[{"name":"wp","href":"https:\/\/api.w.org\/{rel}","templated":true}]}}